{"id":7261,"date":"2020-10-02T20:48:27","date_gmt":"2020-10-02T20:48:27","guid":{"rendered":"https:\/\/campguaikinima.com\/es\/?p=7261"},"modified":"2020-10-08T20:42:10","modified_gmt":"2020-10-08T20:42:10","slug":"podemos-tambien-los-padres-ir-al-campamento","status":"publish","type":"post","link":"https:\/\/campguaikinima.com\/es\/podemos-tambien-los-padres-ir-al-campamento\/","title":{"rendered":"\u00bfPodemos tambi\u00e9n los padres ir al campamento?\u00a0"},"content":{"rendered":"<p><span style=\"color: #333333\">Todos los veranos, cuando los padres llegan al campamento a buscar a sus hijos, nos hacen la misma pregunta: \u00bf&#8230;y no hay campamento para nosotros los padres? La respuesta es \u00a1S\u00cd!<\/span><\/p>\n<p><span style=\"color: #333333\">Para todos esos padres que suspiran cada vez que buscan a sus hijos, queriendo ellos tambi\u00e9n esa experiencia; los que ya fueron campistas de ni\u00f1os o j\u00f3venes y quisieran regresar ahora con sus hijos; y tambi\u00e9n para aquellos que a\u00fan no se atreven a mandar a sus hijos solos, pero quieren conocer la experiencia y quiz\u00e1s atreverse el pr\u00f3ximo verano, existe ahora <strong>GUAIKINIMA FAMILY WEEKENDS.<\/strong><\/span><\/p>\n<p><span style=\"color: #333333\">Un campamento de fin de semana para familias, donde pap\u00e1 y mam\u00e1 podr\u00e1n compartir variadas actividades de campamento con sus hijos,\u00a0relajarse en el lago haciendo paddle board o canoa; o compartir entre adultos, mientras los chicos se divierten con nuestros gu\u00edas.<\/span><\/p>\n<p><span style=\"color: #333333\">Sobretodo en estos tiempos, es recomendable pasar tiempo al aire libre, respirar aire puro y hacer ejercicios,\u00a0ya que esta comprobado que son actividades que ofrecen grandes beneficios para la salud y el bienestar. Qu\u00e9 mejor oportunidad para los ni\u00f1os, que disfrutar junto a sus padres actividades de campamento como: arco y flecha, tiro al blanco, paddle board, tubing, canoa, cuerdas altas, paintball, tirolina, deportes, fogata, caza la bandera y muchas m\u00e1s.\u00a0<\/span><\/p>\n<p><span style=\"color: #333333\">Compartir tiempo en familia favorece el v\u00ednculo entre padres e hijos y si es en la naturaleza mejor. Cuando padres e hijos comparten una actividad, se crea una oportunidad de comunicaci\u00f3n en un ambiente diferente al de la casa, m\u00e1s relajado y abierto. Un ni\u00f1o o ni\u00f1a que est\u00e1 acostumbrado a ver a sus padres trabajar o hacer los quehaceres del hogar la mayor\u00eda del tiempo, cuando ve a su pap\u00e1 o mam\u00e1 haciendo actividades como rapel, paddle board o arco y flecha, siente admiraci\u00f3n y alegr\u00eda de verlos tambi\u00e9n disfrutar, re\u00edr y celebrar un logro. De igual modo, cuando los padres ven a los hijos independientes, haciendo actividades de campamento, expres\u00e1ndose y tomando decisiones; contemplan una fase diferente, que no se percibe en la casa o el colegio. En los campamentos se viven experiencias de gran aprendizaje; manejo de miedos, manejo de retos, independencia dentro de un ambiente controlado. \u00a1Estos momentos en familia dejan experiencias memorables!<\/span><\/p>\n<p><span style=\"color: #333333\">Esc\u00e1pate un fin de semana con tu familia y\/o amigos a nuestro campamento ubicado en <a style=\"color: #333333\" href=\"https:\/\/www.google.com\/maps\/place\/36540+V%C3%ADa+Marcia,+Fruitland+Park,+FL+34731\/@28.8786323,-81.9139131,16z\/data=!4m5!3m4!1s0x88e7c123678d4575:0x77fc882d21642a75!8m2!3d28.878833!4d-81.91924\" target=\"_blank\" rel=\"noopener noreferrer\" data-saferedirecturl=\"https:\/\/www.google.com\/url?q=https:\/\/www.google.com\/maps\/place\/36540%2BV%25C3%25ADa%2BMarcia,%2BFruitland%2BPark,%2BFL%2B34731\/@28.8786323,-81.9139131,16z\/data%3D!4m5!3m4!1s0x88e7c123678d4575:0x77fc882d21642a75!8m2!3d28.878833!4d-81.91924&amp;source=gmail&amp;ust=1601757717988000&amp;usg=AFQjCNHV7bHttqbgJvpZpeRz2WUyXDzRGA\">Fruitland Park, Florida<\/a> (a una hora de la ciudad de Orlando) y vive una experiencia de campamento, compartiendo actividades recreativas, en contacto con la naturaleza y con excelente atenci\u00f3n.<\/span><\/p>\n<p><span style=\"color: #333333\">Camp Guaikinima est\u00e1 inmerso en un hermoso bosque, rodeado de espectaculares arboles en los que podr\u00e1s lanzarte en tirolina, con un hermoso lago natural ideal para aventurarte a hacer paddle board o simplemente remar un bote en familia y disfrutar del atardecer. Una experiencia de aventura con todas las comodidades para todos:<\/span><\/p>\n<ul>\n<li><span style=\"color: #333333\">Alojamiento: descansar\u00e1n en una linda y c\u00f3moda caba\u00f1a de pino con aire acondicionado o calefacci\u00f3n (seg\u00fan sea el tiempo) con ba\u00f1o interno.<\/span><\/li>\n<li><span style=\"color: #333333\">Comidas: servimos desayunos, almuerzos y cenas en un c\u00f3modo comedor, con un men\u00fa variado para toda la familia. (solo lleva los snacks que m\u00e1s les guste a tus hijos)<\/span><\/li>\n<li><span style=\"color: #333333\">Actividades: Se divertir\u00e1n much\u00edsimo con nuestra amplia oferta de juegos y actividades, siempre acompa\u00f1ados de nuestros gu\u00edas. Actividades dirigidas disponibles para adultos y ni\u00f1os. <\/span><\/li>\n<\/ul>\n<p><span style=\"color: #333333\">\u00a1Ven y v\u00edvelo!<\/span><\/p>\n<p>Click aqu\u00ed para mas informacion: <a href=\"https:\/\/campguaikinima.com\/es\/program\/fin-de-semana-familiar\/\">FIN DE SEMANA FAMILIAR<\/a><\/p>\n<!-- AddThis Advanced Settings generic via filter on the_content --><!-- AddThis Share Buttons generic via filter on the_content -->","protected":false},"excerpt":{"rendered":"<p>Todos los veranos, cuando los padres llegan al campamento a buscar a sus hijos, nos hacen la misma pregunta: \u00bf&#8230;y no hay campamento para nosotros los padres? La respuesta es \u00a1S\u00cd! Para todos esos padres que suspiran cada vez que buscan a sus hijos, queriendo ellos tambi\u00e9n esa experiencia; los que ya fueron campistas de&#8230;<!-- AddThis Advanced Settings generic via filter on get_the_excerpt --><!-- AddThis Share Buttons generic via filter on get_the_excerpt --><\/p>\n","protected":false},"author":2,"featured_media":7262,"comment_status":"open","ping_status":"open","sticky":false,"template":"","format":"standard","meta":{"spay_email":"","footnotes":""},"categories":[1],"tags":[],"class_list":["post-7261","post","type-post","status-publish","format-standard","has-post-thumbnail","hentry","category-uncategorized"],"yoast_head":"<!-- This site is optimized with the Yoast SEO plugin v26.8 - https:\/\/yoast.com\/product\/yoast-seo-wordpress\/ -->\n<title>\u00bfPodemos tambi\u00e9n los padres ir al campamento?\u00a0 | Camp Guaikinima - Espa\u00f1ol<\/title>\n<meta name=\"robots\" content=\"index, follow, max-snippet:-1, max-image-preview:large, max-video-preview:-1\" \/>\n<link rel=\"canonical\" href=\"https:\/\/campguaikinima.com\/es\/podemos-tambien-los-padres-ir-al-campamento\/\" \/>\n<meta property=\"og:locale\" content=\"es_ES\" \/>\n<meta property=\"og:type\" content=\"article\" \/>\n<meta property=\"og:title\" content=\"\u00bfPodemos tambi\u00e9n los padres ir al campamento?\u00a0 | Camp Guaikinima - Espa\u00f1ol\" \/>\n<meta property=\"og:description\" content=\"Todos los veranos, cuando los padres llegan al campamento a buscar a sus hijos, nos hacen la misma pregunta: \u00bf&#8230;y no hay campamento para nosotros los padres? La respuesta es \u00a1S\u00cd! Para todos esos padres que suspiran cada vez que buscan a sus hijos, queriendo ellos tambi\u00e9n esa experiencia; los que ya fueron campistas de...\" \/>\n<meta property=\"og:url\" content=\"https:\/\/campguaikinima.com\/es\/podemos-tambien-los-padres-ir-al-campamento\/\" \/>\n<meta property=\"og:site_name\" content=\"Camp Guaikinima - Espa\u00f1ol\" \/>\n<meta property=\"article:published_time\" content=\"2020-10-02T20:48:27+00:00\" \/>\n<meta property=\"article:modified_time\" content=\"2020-10-08T20:42:10+00:00\" \/>\n<meta property=\"og:image\" content=\"https:\/\/campguaikinima.com\/es\/wp-content\/uploads\/sites\/2\/2020\/10\/IMG_0271.jpg\" \/>\n\t<meta property=\"og:image:width\" content=\"1537\" \/>\n\t<meta property=\"og:image:height\" content=\"2049\" \/>\n\t<meta property=\"og:image:type\" content=\"image\/jpeg\" \/>\n<meta name=\"author\" content=\"info\" \/>\n<meta name=\"twitter:card\" content=\"summary_large_image\" \/>\n<meta name=\"twitter:label1\" content=\"Escrito por\" \/>\n\t<meta name=\"twitter:data1\" content=\"info\" \/>\n\t<meta name=\"twitter:label2\" content=\"Tiempo de lectura\" \/>\n\t<meta name=\"twitter:data2\" content=\"3 minutos\" \/>\n<script type=\"application\/ld+json\" class=\"yoast-schema-graph\">{\"@context\":\"https:\/\/schema.org\",\"@graph\":[{\"@type\":\"Article\",\"@id\":\"https:\/\/campguaikinima.com\/es\/podemos-tambien-los-padres-ir-al-campamento\/#article\",\"isPartOf\":{\"@id\":\"https:\/\/campguaikinima.com\/es\/podemos-tambien-los-padres-ir-al-campamento\/\"},\"author\":{\"name\":\"info\",\"@id\":\"https:\/\/campguaikinima.com\/es\/#\/schema\/person\/d62aabae0a689f49bbcba397c17c620d\"},\"headline\":\"\u00bfPodemos tambi\u00e9n los padres ir al campamento?\u00a0\",\"datePublished\":\"2020-10-02T20:48:27+00:00\",\"dateModified\":\"2020-10-08T20:42:10+00:00\",\"mainEntityOfPage\":{\"@id\":\"https:\/\/campguaikinima.com\/es\/podemos-tambien-los-padres-ir-al-campamento\/\"},\"wordCount\":598,\"commentCount\":0,\"publisher\":{\"@id\":\"https:\/\/campguaikinima.com\/es\/#organization\"},\"image\":{\"@id\":\"https:\/\/campguaikinima.com\/es\/podemos-tambien-los-padres-ir-al-campamento\/#primaryimage\"},\"thumbnailUrl\":\"https:\/\/campguaikinima.com\/es\/wp-content\/uploads\/sites\/2\/2020\/10\/IMG_0271.jpg\",\"articleSection\":[\"Uncategorized\"],\"inLanguage\":\"es\",\"potentialAction\":[{\"@type\":\"CommentAction\",\"name\":\"Comment\",\"target\":[\"https:\/\/campguaikinima.com\/es\/podemos-tambien-los-padres-ir-al-campamento\/#respond\"]}]},{\"@type\":\"WebPage\",\"@id\":\"https:\/\/campguaikinima.com\/es\/podemos-tambien-los-padres-ir-al-campamento\/\",\"url\":\"https:\/\/campguaikinima.com\/es\/podemos-tambien-los-padres-ir-al-campamento\/\",\"name\":\"\u00bfPodemos tambi\u00e9n los padres ir al campamento?\u00a0 | Camp Guaikinima - Espa\u00f1ol\",\"isPartOf\":{\"@id\":\"https:\/\/campguaikinima.com\/es\/#website\"},\"primaryImageOfPage\":{\"@id\":\"https:\/\/campguaikinima.com\/es\/podemos-tambien-los-padres-ir-al-campamento\/#primaryimage\"},\"image\":{\"@id\":\"https:\/\/campguaikinima.com\/es\/podemos-tambien-los-padres-ir-al-campamento\/#primaryimage\"},\"thumbnailUrl\":\"https:\/\/campguaikinima.com\/es\/wp-content\/uploads\/sites\/2\/2020\/10\/IMG_0271.jpg\",\"datePublished\":\"2020-10-02T20:48:27+00:00\",\"dateModified\":\"2020-10-08T20:42:10+00:00\",\"inLanguage\":\"es\",\"potentialAction\":[{\"@type\":\"ReadAction\",\"target\":[\"https:\/\/campguaikinima.com\/es\/podemos-tambien-los-padres-ir-al-campamento\/\"]}]},{\"@type\":\"ImageObject\",\"inLanguage\":\"es\",\"@id\":\"https:\/\/campguaikinima.com\/es\/podemos-tambien-los-padres-ir-al-campamento\/#primaryimage\",\"url\":\"https:\/\/campguaikinima.com\/es\/wp-content\/uploads\/sites\/2\/2020\/10\/IMG_0271.jpg\",\"contentUrl\":\"https:\/\/campguaikinima.com\/es\/wp-content\/uploads\/sites\/2\/2020\/10\/IMG_0271.jpg\",\"width\":1537,\"height\":2049},{\"@type\":\"WebSite\",\"@id\":\"https:\/\/campguaikinima.com\/es\/#website\",\"url\":\"https:\/\/campguaikinima.com\/es\/\",\"name\":\"Camp Guaikinima - Espa\u00f1ol\",\"description\":\"Just another Camp Guaikinima Sites site\",\"publisher\":{\"@id\":\"https:\/\/campguaikinima.com\/es\/#organization\"},\"potentialAction\":[{\"@type\":\"SearchAction\",\"target\":{\"@type\":\"EntryPoint\",\"urlTemplate\":\"https:\/\/campguaikinima.com\/es\/?s={search_term_string}\"},\"query-input\":{\"@type\":\"PropertyValueSpecification\",\"valueRequired\":true,\"valueName\":\"search_term_string\"}}],\"inLanguage\":\"es\"},{\"@type\":\"Organization\",\"@id\":\"https:\/\/campguaikinima.com\/es\/#organization\",\"name\":\"Camp Guaikinima - Espa\u00f1ol\",\"url\":\"https:\/\/campguaikinima.com\/es\/\",\"logo\":{\"@type\":\"ImageObject\",\"inLanguage\":\"es\",\"@id\":\"https:\/\/campguaikinima.com\/es\/#\/schema\/logo\/image\/\",\"url\":\"https:\/\/campguaikinima.com\/es\/wp-content\/uploads\/sites\/2\/2019\/09\/Logo-Guakinima-Full-Color-min.png\",\"contentUrl\":\"https:\/\/campguaikinima.com\/es\/wp-content\/uploads\/sites\/2\/2019\/09\/Logo-Guakinima-Full-Color-min.png\",\"width\":180,\"height\":87,\"caption\":\"Camp Guaikinima - Espa\u00f1ol\"},\"image\":{\"@id\":\"https:\/\/campguaikinima.com\/es\/#\/schema\/logo\/image\/\"}},{\"@type\":\"Person\",\"@id\":\"https:\/\/campguaikinima.com\/es\/#\/schema\/person\/d62aabae0a689f49bbcba397c17c620d\",\"name\":\"info\",\"image\":{\"@type\":\"ImageObject\",\"inLanguage\":\"es\",\"@id\":\"https:\/\/campguaikinima.com\/es\/#\/schema\/person\/image\/\",\"url\":\"https:\/\/secure.gravatar.com\/avatar\/0e6743601078873f569118b0aa2a8861?s=96&d=mm&r=g\",\"contentUrl\":\"https:\/\/secure.gravatar.com\/avatar\/0e6743601078873f569118b0aa2a8861?s=96&d=mm&r=g\",\"caption\":\"info\"},\"url\":\"https:\/\/campguaikinima.com\/es\/author\/info\/\"}]}<\/script>\n<!-- \/ Yoast SEO plugin. -->","yoast_head_json":{"title":"\u00bfPodemos tambi\u00e9n los padres ir al campamento?\u00a0 | Camp Guaikinima - Espa\u00f1ol","robots":{"index":"index","follow":"follow","max-snippet":"max-snippet:-1","max-image-preview":"max-image-preview:large","max-video-preview":"max-video-preview:-1"},"canonical":"https:\/\/campguaikinima.com\/es\/podemos-tambien-los-padres-ir-al-campamento\/","og_locale":"es_ES","og_type":"article","og_title":"\u00bfPodemos tambi\u00e9n los padres ir al campamento?\u00a0 | Camp Guaikinima - Espa\u00f1ol","og_description":"Todos los veranos, cuando los padres llegan al campamento a buscar a sus hijos, nos hacen la misma pregunta: \u00bf&#8230;y no hay campamento para nosotros los padres? La respuesta es \u00a1S\u00cd! Para todos esos padres que suspiran cada vez que buscan a sus hijos, queriendo ellos tambi\u00e9n esa experiencia; los que ya fueron campistas de...","og_url":"https:\/\/campguaikinima.com\/es\/podemos-tambien-los-padres-ir-al-campamento\/","og_site_name":"Camp Guaikinima - Espa\u00f1ol","article_published_time":"2020-10-02T20:48:27+00:00","article_modified_time":"2020-10-08T20:42:10+00:00","og_image":[{"width":1537,"height":2049,"url":"https:\/\/campguaikinima.com\/es\/wp-content\/uploads\/sites\/2\/2020\/10\/IMG_0271.jpg","type":"image\/jpeg"}],"author":"info","twitter_card":"summary_large_image","twitter_misc":{"Escrito por":"info","Tiempo de lectura":"3 minutos"},"schema":{"@context":"https:\/\/schema.org","@graph":[{"@type":"Article","@id":"https:\/\/campguaikinima.com\/es\/podemos-tambien-los-padres-ir-al-campamento\/#article","isPartOf":{"@id":"https:\/\/campguaikinima.com\/es\/podemos-tambien-los-padres-ir-al-campamento\/"},"author":{"name":"info","@id":"https:\/\/campguaikinima.com\/es\/#\/schema\/person\/d62aabae0a689f49bbcba397c17c620d"},"headline":"\u00bfPodemos tambi\u00e9n los padres ir al campamento?\u00a0","datePublished":"2020-10-02T20:48:27+00:00","dateModified":"2020-10-08T20:42:10+00:00","mainEntityOfPage":{"@id":"https:\/\/campguaikinima.com\/es\/podemos-tambien-los-padres-ir-al-campamento\/"},"wordCount":598,"commentCount":0,"publisher":{"@id":"https:\/\/campguaikinima.com\/es\/#organization"},"image":{"@id":"https:\/\/campguaikinima.com\/es\/podemos-tambien-los-padres-ir-al-campamento\/#primaryimage"},"thumbnailUrl":"https:\/\/campguaikinima.com\/es\/wp-content\/uploads\/sites\/2\/2020\/10\/IMG_0271.jpg","articleSection":["Uncategorized"],"inLanguage":"es","potentialAction":[{"@type":"CommentAction","name":"Comment","target":["https:\/\/campguaikinima.com\/es\/podemos-tambien-los-padres-ir-al-campamento\/#respond"]}]},{"@type":"WebPage","@id":"https:\/\/campguaikinima.com\/es\/podemos-tambien-los-padres-ir-al-campamento\/","url":"https:\/\/campguaikinima.com\/es\/podemos-tambien-los-padres-ir-al-campamento\/","name":"\u00bfPodemos tambi\u00e9n los padres ir al campamento?\u00a0 | Camp Guaikinima - Espa\u00f1ol","isPartOf":{"@id":"https:\/\/campguaikinima.com\/es\/#website"},"primaryImageOfPage":{"@id":"https:\/\/campguaikinima.com\/es\/podemos-tambien-los-padres-ir-al-campamento\/#primaryimage"},"image":{"@id":"https:\/\/campguaikinima.com\/es\/podemos-tambien-los-padres-ir-al-campamento\/#primaryimage"},"thumbnailUrl":"https:\/\/campguaikinima.com\/es\/wp-content\/uploads\/sites\/2\/2020\/10\/IMG_0271.jpg","datePublished":"2020-10-02T20:48:27+00:00","dateModified":"2020-10-08T20:42:10+00:00","inLanguage":"es","potentialAction":[{"@type":"ReadAction","target":["https:\/\/campguaikinima.com\/es\/podemos-tambien-los-padres-ir-al-campamento\/"]}]},{"@type":"ImageObject","inLanguage":"es","@id":"https:\/\/campguaikinima.com\/es\/podemos-tambien-los-padres-ir-al-campamento\/#primaryimage","url":"https:\/\/campguaikinima.com\/es\/wp-content\/uploads\/sites\/2\/2020\/10\/IMG_0271.jpg","contentUrl":"https:\/\/campguaikinima.com\/es\/wp-content\/uploads\/sites\/2\/2020\/10\/IMG_0271.jpg","width":1537,"height":2049},{"@type":"WebSite","@id":"https:\/\/campguaikinima.com\/es\/#website","url":"https:\/\/campguaikinima.com\/es\/","name":"Camp Guaikinima - Espa\u00f1ol","description":"Just another Camp Guaikinima Sites site","publisher":{"@id":"https:\/\/campguaikinima.com\/es\/#organization"},"potentialAction":[{"@type":"SearchAction","target":{"@type":"EntryPoint","urlTemplate":"https:\/\/campguaikinima.com\/es\/?s={search_term_string}"},"query-input":{"@type":"PropertyValueSpecification","valueRequired":true,"valueName":"search_term_string"}}],"inLanguage":"es"},{"@type":"Organization","@id":"https:\/\/campguaikinima.com\/es\/#organization","name":"Camp Guaikinima - Espa\u00f1ol","url":"https:\/\/campguaikinima.com\/es\/","logo":{"@type":"ImageObject","inLanguage":"es","@id":"https:\/\/campguaikinima.com\/es\/#\/schema\/logo\/image\/","url":"https:\/\/campguaikinima.com\/es\/wp-content\/uploads\/sites\/2\/2019\/09\/Logo-Guakinima-Full-Color-min.png","contentUrl":"https:\/\/campguaikinima.com\/es\/wp-content\/uploads\/sites\/2\/2019\/09\/Logo-Guakinima-Full-Color-min.png","width":180,"height":87,"caption":"Camp Guaikinima - Espa\u00f1ol"},"image":{"@id":"https:\/\/campguaikinima.com\/es\/#\/schema\/logo\/image\/"}},{"@type":"Person","@id":"https:\/\/campguaikinima.com\/es\/#\/schema\/person\/d62aabae0a689f49bbcba397c17c620d","name":"info","image":{"@type":"ImageObject","inLanguage":"es","@id":"https:\/\/campguaikinima.com\/es\/#\/schema\/person\/image\/","url":"https:\/\/secure.gravatar.com\/avatar\/0e6743601078873f569118b0aa2a8861?s=96&d=mm&r=g","contentUrl":"https:\/\/secure.gravatar.com\/avatar\/0e6743601078873f569118b0aa2a8861?s=96&d=mm&r=g","caption":"info"},"url":"https:\/\/campguaikinima.com\/es\/author\/info\/"}]}},"jetpack_featured_media_url":"https:\/\/campguaikinima.com\/es\/wp-content\/uploads\/sites\/2\/2020\/10\/IMG_0271.jpg","_links":{"self":[{"href":"https:\/\/campguaikinima.com\/es\/wp-json\/wp\/v2\/posts\/7261","targetHints":{"allow":["GET"]}}],"collection":[{"href":"https:\/\/campguaikinima.com\/es\/wp-json\/wp\/v2\/posts"}],"about":[{"href":"https:\/\/campguaikinima.com\/es\/wp-json\/wp\/v2\/types\/post"}],"author":[{"embeddable":true,"href":"https:\/\/campguaikinima.com\/es\/wp-json\/wp\/v2\/users\/2"}],"replies":[{"embeddable":true,"href":"https:\/\/campguaikinima.com\/es\/wp-json\/wp\/v2\/comments?post=7261"}],"version-history":[{"count":5,"href":"https:\/\/campguaikinima.com\/es\/wp-json\/wp\/v2\/posts\/7261\/revisions"}],"predecessor-version":[{"id":7264,"href":"https:\/\/campguaikinima.com\/es\/wp-json\/wp\/v2\/posts\/7261\/revisions\/7264"}],"wp:featuredmedia":[{"embeddable":true,"href":"https:\/\/campguaikinima.com\/es\/wp-json\/wp\/v2\/media\/7262"}],"wp:attachment":[{"href":"https:\/\/campguaikinima.com\/es\/wp-json\/wp\/v2\/media?parent=7261"}],"wp:term":[{"taxonomy":"category","embeddable":true,"href":"https:\/\/campguaikinima.com\/es\/wp-json\/wp\/v2\/categories?post=7261"},{"taxonomy":"post_tag","embeddable":true,"href":"https:\/\/campguaikinima.com\/es\/wp-json\/wp\/v2\/tags?post=7261"}],"curies":[{"name":"wp","href":"https:\/\/api.w.org\/{rel}","templated":true}]}}