{"id":1147,"date":"2019-10-23T03:05:29","date_gmt":"2019-10-23T03:05:29","guid":{"rendered":"http:\/\/screen.com.ve\/clientes\/guaikinima\/?p=1147"},"modified":"2022-10-20T17:06:47","modified_gmt":"2022-10-20T17:06:47","slug":"mi-hijo-va-a-estar-bien-si-va-al-camp-sin-un-amigo","status":"publish","type":"post","link":"https:\/\/campguaikinima.com\/es\/mi-hijo-va-a-estar-bien-si-va-al-camp-sin-un-amigo\/","title":{"rendered":"\u00bfMi hijo va a estar bien si va al camp sin un amigo?"},"content":{"rendered":"<p>Si te has estado preguntando si ser\u00e1 buena idea mandar a tu hijo o hija a un sleepaway camp sin un amigo, sin conocer a nadie?, no est\u00e1s sola. <strong>Esta pregunta es frecuente por familias que a\u00fan no conocen a alguna persona en el campamento.<\/strong><\/p><p>En cualquiera de los dos casos es una\u00a0 <strong><span style=\"text-decoration: underline\">excelente experiencia<\/span><\/strong>, no todos llegan con un amigo, pero <strong>todos si salen con muchos amigos.<\/strong><\/p><p>Entiendo que esto puede crear ansiedad y que saber que iras al camp con un amigo te da m\u00e1s seguridad, pero la realidad es que antes de que empiece el viaje hacia el camp, ya comienza a cambiar esa ansiedad por emoci\u00f3n. <\/p><p>Para nosotros en camp guaikinima, el momento que llegas al sitio de salida ya comienzas a ser parte de la familia, <strong>tenemos las estrategias para integrar a los ni\u00f1os con sus compa\u00f1eros de caba\u00f1a y antes de que pasen 30 minutos en el bus, ya seguro tienes m\u00e1s de un amigo. <\/strong><\/p><p><strong>Un campamento de verano es ideal para hacer nuevos amigos<\/strong> y conocerse a s\u00ed mismo. En las caba\u00f1as comienza la convivencia y el aprendizaje de que todos somos diferentes y que est\u00e1 bien aceptar a cada uno en un ambiente de respeto. <\/p><p><strong>Los gu\u00edas est\u00e1n entrenados para manejar la integraci\u00f3n de caba\u00f1as, la resoluci\u00f3n de conflictos y lograr que los campistas tengan una experiencia positiva durante la temporada. <\/strong><\/p><p><strong>Raymond Cidad<\/strong><\/p><!-- AddThis Advanced Settings generic via filter on the_content --><!-- AddThis Share Buttons generic via filter on the_content -->","protected":false},"excerpt":{"rendered":"<p>Si te has estado preguntando si ser\u00e1 buena idea mandar a tu hijo o hija a un sleepaway camp sin un amigo, sin conocer a nadie?, no est\u00e1s sola. Esta pregunta es frecuente por familias que a\u00fan no conocen a alguna persona en el campamento. En cualquiera de los dos casos es una\u00a0 excelente experiencia,&#8230;<!-- AddThis Advanced Settings generic via filter on get_the_excerpt --><!-- AddThis Share Buttons generic via filter on get_the_excerpt --><\/p>\n","protected":false},"author":1,"featured_media":1148,"comment_status":"open","ping_status":"open","sticky":true,"template":"","format":"standard","meta":{"spay_email":"","footnotes":""},"categories":[16],"tags":[],"class_list":["post-1147","post","type-post","status-publish","format-standard","has-post-thumbnail","hentry","category-preguntale-al-director"],"yoast_head":"<!-- This site is optimized with the Yoast SEO plugin v26.8 - https:\/\/yoast.com\/product\/yoast-seo-wordpress\/ -->\n<title>\u00bfMi hijo va a estar bien si va al camp sin un amigo? | Camp Guaikinima - Espa\u00f1ol<\/title>\n<meta name=\"robots\" content=\"index, follow, max-snippet:-1, max-image-preview:large, max-video-preview:-1\" \/>\n<link rel=\"canonical\" href=\"https:\/\/campguaikinima.com\/es\/mi-hijo-va-a-estar-bien-si-va-al-camp-sin-un-amigo\/\" \/>\n<meta property=\"og:locale\" content=\"es_ES\" \/>\n<meta property=\"og:type\" content=\"article\" \/>\n<meta property=\"og:title\" content=\"\u00bfMi hijo va a estar bien si va al camp sin un amigo? | Camp Guaikinima - Espa\u00f1ol\" \/>\n<meta property=\"og:description\" content=\"Si te has estado preguntando si ser\u00e1 buena idea mandar a tu hijo o hija a un sleepaway camp sin un amigo, sin conocer a nadie?, no est\u00e1s sola. Esta pregunta es frecuente por familias que a\u00fan no conocen a alguna persona en el campamento. En cualquiera de los dos casos es una\u00a0 excelente experiencia,...\" \/>\n<meta property=\"og:url\" content=\"https:\/\/campguaikinima.com\/es\/mi-hijo-va-a-estar-bien-si-va-al-camp-sin-un-amigo\/\" \/>\n<meta property=\"og:site_name\" content=\"Camp Guaikinima - Espa\u00f1ol\" \/>\n<meta property=\"article:published_time\" content=\"2019-10-23T03:05:29+00:00\" \/>\n<meta property=\"article:modified_time\" content=\"2022-10-20T17:06:47+00:00\" \/>\n<meta property=\"og:image\" content=\"https:\/\/campguaikinima.com\/es\/wp-content\/uploads\/sites\/2\/2019\/10\/Mi-hijo-estara-bien.jpg\" \/>\n\t<meta property=\"og:image:width\" content=\"1000\" \/>\n\t<meta property=\"og:image:height\" content=\"650\" \/>\n\t<meta property=\"og:image:type\" content=\"image\/jpeg\" \/>\n<meta name=\"author\" content=\"smgadmin\" \/>\n<meta name=\"twitter:card\" content=\"summary_large_image\" \/>\n<meta name=\"twitter:label1\" content=\"Escrito por\" \/>\n\t<meta name=\"twitter:data1\" content=\"smgadmin\" \/>\n\t<meta name=\"twitter:label2\" content=\"Tiempo de lectura\" \/>\n\t<meta name=\"twitter:data2\" content=\"1 minuto\" \/>\n<script type=\"application\/ld+json\" class=\"yoast-schema-graph\">{\"@context\":\"https:\/\/schema.org\",\"@graph\":[{\"@type\":\"Article\",\"@id\":\"https:\/\/campguaikinima.com\/es\/mi-hijo-va-a-estar-bien-si-va-al-camp-sin-un-amigo\/#article\",\"isPartOf\":{\"@id\":\"https:\/\/campguaikinima.com\/es\/mi-hijo-va-a-estar-bien-si-va-al-camp-sin-un-amigo\/\"},\"author\":{\"name\":\"smgadmin\",\"@id\":\"https:\/\/campguaikinima.com\/es\/#\/schema\/person\/5dee7024928a41df746d6e30a71cc20b\"},\"headline\":\"\u00bfMi hijo va a estar bien si va al camp sin un amigo?\",\"datePublished\":\"2019-10-23T03:05:29+00:00\",\"dateModified\":\"2022-10-20T17:06:47+00:00\",\"mainEntityOfPage\":{\"@id\":\"https:\/\/campguaikinima.com\/es\/mi-hijo-va-a-estar-bien-si-va-al-camp-sin-un-amigo\/\"},\"wordCount\":257,\"commentCount\":0,\"publisher\":{\"@id\":\"https:\/\/campguaikinima.com\/es\/#organization\"},\"image\":{\"@id\":\"https:\/\/campguaikinima.com\/es\/mi-hijo-va-a-estar-bien-si-va-al-camp-sin-un-amigo\/#primaryimage\"},\"thumbnailUrl\":\"https:\/\/campguaikinima.com\/es\/wp-content\/uploads\/sites\/2\/2019\/10\/Mi-hijo-estara-bien.jpg\",\"articleSection\":[\"Preg\u00fantale al Director\"],\"inLanguage\":\"es\",\"potentialAction\":[{\"@type\":\"CommentAction\",\"name\":\"Comment\",\"target\":[\"https:\/\/campguaikinima.com\/es\/mi-hijo-va-a-estar-bien-si-va-al-camp-sin-un-amigo\/#respond\"]}]},{\"@type\":\"WebPage\",\"@id\":\"https:\/\/campguaikinima.com\/es\/mi-hijo-va-a-estar-bien-si-va-al-camp-sin-un-amigo\/\",\"url\":\"https:\/\/campguaikinima.com\/es\/mi-hijo-va-a-estar-bien-si-va-al-camp-sin-un-amigo\/\",\"name\":\"\u00bfMi hijo va a estar bien si va al camp sin un amigo? | Camp Guaikinima - Espa\u00f1ol\",\"isPartOf\":{\"@id\":\"https:\/\/campguaikinima.com\/es\/#website\"},\"primaryImageOfPage\":{\"@id\":\"https:\/\/campguaikinima.com\/es\/mi-hijo-va-a-estar-bien-si-va-al-camp-sin-un-amigo\/#primaryimage\"},\"image\":{\"@id\":\"https:\/\/campguaikinima.com\/es\/mi-hijo-va-a-estar-bien-si-va-al-camp-sin-un-amigo\/#primaryimage\"},\"thumbnailUrl\":\"https:\/\/campguaikinima.com\/es\/wp-content\/uploads\/sites\/2\/2019\/10\/Mi-hijo-estara-bien.jpg\",\"datePublished\":\"2019-10-23T03:05:29+00:00\",\"dateModified\":\"2022-10-20T17:06:47+00:00\",\"inLanguage\":\"es\",\"potentialAction\":[{\"@type\":\"ReadAction\",\"target\":[\"https:\/\/campguaikinima.com\/es\/mi-hijo-va-a-estar-bien-si-va-al-camp-sin-un-amigo\/\"]}]},{\"@type\":\"ImageObject\",\"inLanguage\":\"es\",\"@id\":\"https:\/\/campguaikinima.com\/es\/mi-hijo-va-a-estar-bien-si-va-al-camp-sin-un-amigo\/#primaryimage\",\"url\":\"https:\/\/campguaikinima.com\/es\/wp-content\/uploads\/sites\/2\/2019\/10\/Mi-hijo-estara-bien.jpg\",\"contentUrl\":\"https:\/\/campguaikinima.com\/es\/wp-content\/uploads\/sites\/2\/2019\/10\/Mi-hijo-estara-bien.jpg\",\"width\":1000,\"height\":650,\"caption\":\"Summer Camp Florida Raymond Cidad\"},{\"@type\":\"WebSite\",\"@id\":\"https:\/\/campguaikinima.com\/es\/#website\",\"url\":\"https:\/\/campguaikinima.com\/es\/\",\"name\":\"Camp Guaikinima - Espa\u00f1ol\",\"description\":\"Just another Camp Guaikinima Sites site\",\"publisher\":{\"@id\":\"https:\/\/campguaikinima.com\/es\/#organization\"},\"potentialAction\":[{\"@type\":\"SearchAction\",\"target\":{\"@type\":\"EntryPoint\",\"urlTemplate\":\"https:\/\/campguaikinima.com\/es\/?s={search_term_string}\"},\"query-input\":{\"@type\":\"PropertyValueSpecification\",\"valueRequired\":true,\"valueName\":\"search_term_string\"}}],\"inLanguage\":\"es\"},{\"@type\":\"Organization\",\"@id\":\"https:\/\/campguaikinima.com\/es\/#organization\",\"name\":\"Camp Guaikinima - Espa\u00f1ol\",\"url\":\"https:\/\/campguaikinima.com\/es\/\",\"logo\":{\"@type\":\"ImageObject\",\"inLanguage\":\"es\",\"@id\":\"https:\/\/campguaikinima.com\/es\/#\/schema\/logo\/image\/\",\"url\":\"https:\/\/campguaikinima.com\/es\/wp-content\/uploads\/sites\/2\/2019\/09\/Logo-Guakinima-Full-Color-min.png\",\"contentUrl\":\"https:\/\/campguaikinima.com\/es\/wp-content\/uploads\/sites\/2\/2019\/09\/Logo-Guakinima-Full-Color-min.png\",\"width\":180,\"height\":87,\"caption\":\"Camp Guaikinima - Espa\u00f1ol\"},\"image\":{\"@id\":\"https:\/\/campguaikinima.com\/es\/#\/schema\/logo\/image\/\"}},{\"@type\":\"Person\",\"@id\":\"https:\/\/campguaikinima.com\/es\/#\/schema\/person\/5dee7024928a41df746d6e30a71cc20b\",\"name\":\"smgadmin\",\"image\":{\"@type\":\"ImageObject\",\"inLanguage\":\"es\",\"@id\":\"https:\/\/campguaikinima.com\/es\/#\/schema\/person\/image\/\",\"url\":\"https:\/\/secure.gravatar.com\/avatar\/1db10f71fbf0f179051b44f073185329?s=96&d=mm&r=g\",\"contentUrl\":\"https:\/\/secure.gravatar.com\/avatar\/1db10f71fbf0f179051b44f073185329?s=96&d=mm&r=g\",\"caption\":\"smgadmin\"},\"url\":\"https:\/\/campguaikinima.com\/es\/author\/smgadmin\/\"}]}<\/script>\n<!-- \/ Yoast SEO plugin. -->","yoast_head_json":{"title":"\u00bfMi hijo va a estar bien si va al camp sin un amigo? | Camp Guaikinima - Espa\u00f1ol","robots":{"index":"index","follow":"follow","max-snippet":"max-snippet:-1","max-image-preview":"max-image-preview:large","max-video-preview":"max-video-preview:-1"},"canonical":"https:\/\/campguaikinima.com\/es\/mi-hijo-va-a-estar-bien-si-va-al-camp-sin-un-amigo\/","og_locale":"es_ES","og_type":"article","og_title":"\u00bfMi hijo va a estar bien si va al camp sin un amigo? | Camp Guaikinima - Espa\u00f1ol","og_description":"Si te has estado preguntando si ser\u00e1 buena idea mandar a tu hijo o hija a un sleepaway camp sin un amigo, sin conocer a nadie?, no est\u00e1s sola. Esta pregunta es frecuente por familias que a\u00fan no conocen a alguna persona en el campamento. En cualquiera de los dos casos es una\u00a0 excelente experiencia,...","og_url":"https:\/\/campguaikinima.com\/es\/mi-hijo-va-a-estar-bien-si-va-al-camp-sin-un-amigo\/","og_site_name":"Camp Guaikinima - Espa\u00f1ol","article_published_time":"2019-10-23T03:05:29+00:00","article_modified_time":"2022-10-20T17:06:47+00:00","og_image":[{"width":1000,"height":650,"url":"https:\/\/campguaikinima.com\/es\/wp-content\/uploads\/sites\/2\/2019\/10\/Mi-hijo-estara-bien.jpg","type":"image\/jpeg"}],"author":"smgadmin","twitter_card":"summary_large_image","twitter_misc":{"Escrito por":"smgadmin","Tiempo de lectura":"1 minuto"},"schema":{"@context":"https:\/\/schema.org","@graph":[{"@type":"Article","@id":"https:\/\/campguaikinima.com\/es\/mi-hijo-va-a-estar-bien-si-va-al-camp-sin-un-amigo\/#article","isPartOf":{"@id":"https:\/\/campguaikinima.com\/es\/mi-hijo-va-a-estar-bien-si-va-al-camp-sin-un-amigo\/"},"author":{"name":"smgadmin","@id":"https:\/\/campguaikinima.com\/es\/#\/schema\/person\/5dee7024928a41df746d6e30a71cc20b"},"headline":"\u00bfMi hijo va a estar bien si va al camp sin un amigo?","datePublished":"2019-10-23T03:05:29+00:00","dateModified":"2022-10-20T17:06:47+00:00","mainEntityOfPage":{"@id":"https:\/\/campguaikinima.com\/es\/mi-hijo-va-a-estar-bien-si-va-al-camp-sin-un-amigo\/"},"wordCount":257,"commentCount":0,"publisher":{"@id":"https:\/\/campguaikinima.com\/es\/#organization"},"image":{"@id":"https:\/\/campguaikinima.com\/es\/mi-hijo-va-a-estar-bien-si-va-al-camp-sin-un-amigo\/#primaryimage"},"thumbnailUrl":"https:\/\/campguaikinima.com\/es\/wp-content\/uploads\/sites\/2\/2019\/10\/Mi-hijo-estara-bien.jpg","articleSection":["Preg\u00fantale al Director"],"inLanguage":"es","potentialAction":[{"@type":"CommentAction","name":"Comment","target":["https:\/\/campguaikinima.com\/es\/mi-hijo-va-a-estar-bien-si-va-al-camp-sin-un-amigo\/#respond"]}]},{"@type":"WebPage","@id":"https:\/\/campguaikinima.com\/es\/mi-hijo-va-a-estar-bien-si-va-al-camp-sin-un-amigo\/","url":"https:\/\/campguaikinima.com\/es\/mi-hijo-va-a-estar-bien-si-va-al-camp-sin-un-amigo\/","name":"\u00bfMi hijo va a estar bien si va al camp sin un amigo? | Camp Guaikinima - Espa\u00f1ol","isPartOf":{"@id":"https:\/\/campguaikinima.com\/es\/#website"},"primaryImageOfPage":{"@id":"https:\/\/campguaikinima.com\/es\/mi-hijo-va-a-estar-bien-si-va-al-camp-sin-un-amigo\/#primaryimage"},"image":{"@id":"https:\/\/campguaikinima.com\/es\/mi-hijo-va-a-estar-bien-si-va-al-camp-sin-un-amigo\/#primaryimage"},"thumbnailUrl":"https:\/\/campguaikinima.com\/es\/wp-content\/uploads\/sites\/2\/2019\/10\/Mi-hijo-estara-bien.jpg","datePublished":"2019-10-23T03:05:29+00:00","dateModified":"2022-10-20T17:06:47+00:00","inLanguage":"es","potentialAction":[{"@type":"ReadAction","target":["https:\/\/campguaikinima.com\/es\/mi-hijo-va-a-estar-bien-si-va-al-camp-sin-un-amigo\/"]}]},{"@type":"ImageObject","inLanguage":"es","@id":"https:\/\/campguaikinima.com\/es\/mi-hijo-va-a-estar-bien-si-va-al-camp-sin-un-amigo\/#primaryimage","url":"https:\/\/campguaikinima.com\/es\/wp-content\/uploads\/sites\/2\/2019\/10\/Mi-hijo-estara-bien.jpg","contentUrl":"https:\/\/campguaikinima.com\/es\/wp-content\/uploads\/sites\/2\/2019\/10\/Mi-hijo-estara-bien.jpg","width":1000,"height":650,"caption":"Summer Camp Florida Raymond Cidad"},{"@type":"WebSite","@id":"https:\/\/campguaikinima.com\/es\/#website","url":"https:\/\/campguaikinima.com\/es\/","name":"Camp Guaikinima - Espa\u00f1ol","description":"Just another Camp Guaikinima Sites site","publisher":{"@id":"https:\/\/campguaikinima.com\/es\/#organization"},"potentialAction":[{"@type":"SearchAction","target":{"@type":"EntryPoint","urlTemplate":"https:\/\/campguaikinima.com\/es\/?s={search_term_string}"},"query-input":{"@type":"PropertyValueSpecification","valueRequired":true,"valueName":"search_term_string"}}],"inLanguage":"es"},{"@type":"Organization","@id":"https:\/\/campguaikinima.com\/es\/#organization","name":"Camp Guaikinima - Espa\u00f1ol","url":"https:\/\/campguaikinima.com\/es\/","logo":{"@type":"ImageObject","inLanguage":"es","@id":"https:\/\/campguaikinima.com\/es\/#\/schema\/logo\/image\/","url":"https:\/\/campguaikinima.com\/es\/wp-content\/uploads\/sites\/2\/2019\/09\/Logo-Guakinima-Full-Color-min.png","contentUrl":"https:\/\/campguaikinima.com\/es\/wp-content\/uploads\/sites\/2\/2019\/09\/Logo-Guakinima-Full-Color-min.png","width":180,"height":87,"caption":"Camp Guaikinima - Espa\u00f1ol"},"image":{"@id":"https:\/\/campguaikinima.com\/es\/#\/schema\/logo\/image\/"}},{"@type":"Person","@id":"https:\/\/campguaikinima.com\/es\/#\/schema\/person\/5dee7024928a41df746d6e30a71cc20b","name":"smgadmin","image":{"@type":"ImageObject","inLanguage":"es","@id":"https:\/\/campguaikinima.com\/es\/#\/schema\/person\/image\/","url":"https:\/\/secure.gravatar.com\/avatar\/1db10f71fbf0f179051b44f073185329?s=96&d=mm&r=g","contentUrl":"https:\/\/secure.gravatar.com\/avatar\/1db10f71fbf0f179051b44f073185329?s=96&d=mm&r=g","caption":"smgadmin"},"url":"https:\/\/campguaikinima.com\/es\/author\/smgadmin\/"}]}},"jetpack_featured_media_url":"https:\/\/campguaikinima.com\/es\/wp-content\/uploads\/sites\/2\/2019\/10\/Mi-hijo-estara-bien.jpg","_links":{"self":[{"href":"https:\/\/campguaikinima.com\/es\/wp-json\/wp\/v2\/posts\/1147","targetHints":{"allow":["GET"]}}],"collection":[{"href":"https:\/\/campguaikinima.com\/es\/wp-json\/wp\/v2\/posts"}],"about":[{"href":"https:\/\/campguaikinima.com\/es\/wp-json\/wp\/v2\/types\/post"}],"author":[{"embeddable":true,"href":"https:\/\/campguaikinima.com\/es\/wp-json\/wp\/v2\/users\/1"}],"replies":[{"embeddable":true,"href":"https:\/\/campguaikinima.com\/es\/wp-json\/wp\/v2\/comments?post=1147"}],"version-history":[{"count":1,"href":"https:\/\/campguaikinima.com\/es\/wp-json\/wp\/v2\/posts\/1147\/revisions"}],"predecessor-version":[{"id":7680,"href":"https:\/\/campguaikinima.com\/es\/wp-json\/wp\/v2\/posts\/1147\/revisions\/7680"}],"wp:featuredmedia":[{"embeddable":true,"href":"https:\/\/campguaikinima.com\/es\/wp-json\/wp\/v2\/media\/1148"}],"wp:attachment":[{"href":"https:\/\/campguaikinima.com\/es\/wp-json\/wp\/v2\/media?parent=1147"}],"wp:term":[{"taxonomy":"category","embeddable":true,"href":"https:\/\/campguaikinima.com\/es\/wp-json\/wp\/v2\/categories?post=1147"},{"taxonomy":"post_tag","embeddable":true,"href":"https:\/\/campguaikinima.com\/es\/wp-json\/wp\/v2\/tags?post=1147"}],"curies":[{"name":"wp","href":"https:\/\/api.w.org\/{rel}","templated":true}]}}